{"id":13009,"date":"2021-12-18T15:40:10","date_gmt":"2021-12-18T20:40:10","guid":{"rendered":"https:\/\/darajapress.com\/?p=13009"},"modified":"2021-12-20T17:14:12","modified_gmt":"2021-12-20T22:14:12","slug":"book-launch-partisan-universalism-essays-in-honour-of-ato-sekyi-otu","status":"publish","type":"post","link":"https:\/\/darajapress.com\/staging\/book-launch-partisan-universalism-essays-in-honour-of-ato-sekyi-otu\/","title":{"rendered":"Book launch: Partisan Universalism: Essays in Honour of Ato Sekyi-Otu"},"content":{"rendered":"\n<p class=\"wp-block-paragraph\">Join us for a discussion celebrating the life and work of Ato Sekyi-Otu, Professor Emeritus in the Department of Social Science and the Graduate Programme in Social and Political Thought at York University in Toronto, and author of Fanon\u2019s Dialectic of Experience (1996) and Left Universalism, Africacentric Essays (2019). The panel will be hosted by Gamal Abdel-Shehid, co-editor of Partisan Universalism together with Sofia Noori. Contributors to the volume include Christopher Balcom, Susan Dianne Brophy, Nergis Canefe, Tyler Gasteiger, Nigel C Gibson, Jeremy M Glick, Stefan Kipfer, Sophie McCall, Esteve Morera, Jeff Noonan, Patrick Taylor, Ol\u00faf\u00e9mi Taiw\u00f2 and Lewis Gordon. It is hoped that all contributors will be able to join the discussion. <\/p>\n\n\n\n<p class=\"wp-block-paragraph\">This event was moderated by Lewis Gordon.<\/p>\n\n\n\n<p class=\"wp-block-paragraph\">This is the text of Ato Skyi-Otu&#8217;s remarks:<\/p>\n\n\n\n<p class=\"wp-block-paragraph\">PARTISAN UNIVERSALISM<br>TALK AT BOOK LAUNCH<br>SATURDAY 18 DECEMBER, 2021<\/p>\n\n\n\n<p class=\"wp-block-paragraph\">Dear Friends,<\/p>\n\n\n\n<p class=\"wp-block-paragraph\">This is a truly extraordinary day. I am enormously grateful and honoured to all of you for the extraordinary essays you contributed to Partisan Universalism and for participating in this event. I must say a very special thank you to Gamal, Sophia and Firoze for crafting this project and bringing it to fruition. Jane Anna Gordon\u2019s extremely generous blurb calls the book and your contributions a celebration of my work and the person I am. I am of course grateful for that encomium. But I\u2019d like to think that it is also a celebration of the twin vital principles and practices of individuality and connectedness made beautifully manifest in your essays.<\/p>\n\n\n\n<p class=\"wp-block-paragraph\">I thought of beginning my remarks today by singing a famous tune. But for fear of inflicting on you an inauspicious start to our conversation, I will rather just echo the opening line of John Lennon and Yoko Ono\u2019s plea for understanding fundamentals, understanding the fundamentals of their fundamental project: \u201cAll we are saying is\u2026\u201d I will not dwell on the substantive content of that plea: \u201cGive Peace A Chance.\u201d For one thing, we who want to see this wicked world destroyed, comprehensively destroyed, cannot be fetishists of peace unmodified. What interests me is Yoko and John\u2019s invitation to get the basic meaning of their project right. So let it be with what we left universalists mean to say. All we are saying is this: Our objections and protests as sentient beings against injury and our proposals and projects for change, whether they are reformist or reparative or revolutionary, harbour an appeal to universality, an appeal that may be avowed and explicit or merely latent and implicit but is most certainly unavoidable. A critical, even insurgent universality, to echo Massimiliano Tomba, as thought and practice, haunts and drives the languages of discontent. The protagonist in South African writer Bessie Head\u2019s novel Maru asks: \u201cHow universal is the language of oppression?\u201d All we are adding to that rhetorical question is: \u201cHow universal is the language of discontent and protest and revolt\u201d? To the Afropessimist argument that \u201cgrammars of suffering\u201d are distinct and resist mutual translation; to the thesis that the \u201cBlack grammar of suffering\u201d is radically different and irreducible to any other grammar of suffering, certainly to the humanist narrative of suffering and redemption, we say with Fanon, Afropessimism\u2019s putative ancestor and uncooperative witness, we say with Fanon: \u201cAll forms of exploitation are alike\u2026 All forms of exploitation are identical, for they are all directed at the same \u2018object\u2019: the human being.\u201d And we say that that thesis of radical particularity is contestable and is contested not only on the part of external critics waiving the cosmopolitan flag or by native converts to an exogenous Enlightenment. It is internally, essentially contestable on indigenous discursive terms. All we are saying is that the most local, context-specific, particularistic protests against injury and proposal for redress ground their claims inescapably in a humanist universalism. Such, we argue, is the latent universalism of Black Lives Matter. That tacit universalism survives the strategic separatism adopted by some of the movement\u2019s protagonists who insisted, for example, that sympathetic white demonstrators take a back seat. And it survives and must survive thanks to the only coherent non-tautological answer to the following question: Do Black Lives Matter because they are Black, or do they matter because they are human? We know the stakes that come with giving the only coherent answer: \u201cBlack lives matter because they are human lives.\u201d That answer runs the risk of being invoked to defang the rhetoric of resistance by transmuting its insurgent partisanship into the syrupy generality of \u201cAll Lives Matter.\u201d That is one possible use or rather misuse of the latent humanism of BLM, appropriation by a disingenuous and reactionary a-racialism that denies the specific gravity of the Black condition and the specific urgency of the demands made in its name. Not unlike what rightwing Machiavellians do with Martin Luther King\u2019s prophetic demand, \u201cNot by the colour of their skin,\u201d twisting it into a history-amnesiac descriptive egalitarianism and a \u201cyou are on your own, baby\u201d individualism in order to discredit affirmative action and other restitutive or reparative programmes. But consider another appropriation in which universalist humanism, rather than displacing the idiom of Blackness collaborates with the latter, so that the two are conjointly retained and deployed otherwise. I am referring to the 2020 explosion of demonstrations in Nigeria, which began as protests against the brutal violence of a state apparatus, The Special Anti-Robbery Squad and then aimed their discontent at socioeconomic inequalities. Some of the demonstrators marched under the banner #NIGERIAN LIVES MATTER, but also under the banner #BLACK LIVES MATTER EVERYWHERE. This, in a country which is virtually all-Black and for that very reason does not normally call its citizens Black, a context, that is to say, where the principal contradiction is not Black lives in relation to white supremacy and its repressive practices. Under these circumstances why would the protestors invoke BLM not indeed as a literal assimilation but as an analogical identification, why would they do that, were it not for the latent universalism that motivates BLM itself, sparks its discontent and justifies its demands and aims in the first place \u2013 in spite of the relativist self-understanding and separatist temptations of some of its protagonists?<\/p>\n\n\n\n<p class=\"wp-block-paragraph\">Today more than ever, the necessity of the appeal to the universal as an internal weapon of criticism and justification, making that appeal explicit, is not a matter of theory. As we gather here, a vicious bill called \u201cDraft Bill for the Promotion of Proper Human Sexual Rights and Ghanaian Family Values\u201d is before Ghana\u2019s Parliament. It calls for the criminalization of the practice of homosexuality and even advocacy of the rights of homosexuals. Quite frankly the bill licences persecution. With impeccable logic the Speaker of Parliament intones: \u201cWe will not legislate to infringe on the Human Rights of people, but we will legislate to ensure that culture and traditions are not violated.\u201d What our \u201cculture and traditons\u201d are, what makes them praiseworthy, and how we promote them, all that is evidently exempt from the province of Human Rights. A prominent Catholic Archbishop concurs. He accuses supporters of gay rights of being under the spell of postmodernist subjectivism and relativism, but then offers as an argument against gay rights the claim that they are imcompatible with Christianity and Ghanaian culture. Is that the best argument you can offer, Holy Father, this quintessential resort to relativism, to the claims of a particular religious and cultural tradition, more precisely and worse still, to a particular interpretation of those traditions, the unholy idolarous bow to the forcible triumph of one interpretation? Is that the best you can do, Catholic prelate of all people, putative votary of the whole? Tell us Holy Father: the Christian values and Ghanaian traditions in the name of which you support the draconian bill before Parliament, are they good and praiseworthy simply because they are Christian and allegedly all our own?<\/p>\n\n\n\n<p class=\"wp-block-paragraph\">There is a widespread intolerance and moral panic in the land, instigated by the religious and secular elites and supported by large sections of the people, designed to deflect their revulsion with and revolt against miserable conditions of existence. Against this moral tyranny dressed up as cultural piety, this talibanism without the Taliban, only the appeal to the universal, one that asks in a native idiom \u201cAre we not also human beings?\u201d, only that appeal can protect and even save lives. Human lives in their protean incarnations.<\/p>\n\n\n\n<p class=\"wp-block-paragraph\">\u201cIt is a matter of unleashing the human being.\u201d Thus spoke the young<br>Fanon. Let the human be. Let it be. That is all that we are saying.<\/p>\n\n\n\n<p class=\"wp-block-paragraph\">Ato Sekyi-Otu<\/p>\n\n\n\n<figure class=\"wp-block-embed is-type-video is-provider-youtube wp-block-embed-youtube wp-embed-aspect-16-9 wp-has-aspect-ratio\"><div class=\"wp-block-embed__wrapper\">\n<iframe loading=\"lazy\" title=\"Book launch: Partisan Universalism: Essays in Honour of Ato Sekyi-Otu\" width=\"1200\" height=\"675\" src=\"https:\/\/www.youtube.com\/embed\/bDBKyzrOWyo?feature=oembed\" frameborder=\"0\" allow=\"accelerometer; autoplay; clipboard-write; encrypted-media; gyroscope; picture-in-picture; web-share\" referrerpolicy=\"strict-origin-when-cross-origin\" allowfullscreen><\/iframe>\n<\/div><\/figure>\n\n\n\n<figure class=\"wp-block-embed is-type-rich is-provider-soundcloud wp-block-embed-soundcloud\"><div class=\"wp-block-embed__wrapper\">\nhttps:\/\/soundcloud.com\/darajapress\/book-launch-partisan-universalism-essays-in-honour-of-ato-sekyi-otu?si=5a265ba878cf408f8c92607145d147a0&#038;utm_source=clipboard&#038;utm_medium=text&#038;utm_campaign=social_sharing\n<\/div><\/figure>\n","protected":false},"excerpt":{"rendered":"<p>Join us for a discussion celebrating the life and work of Ato Sekyi-Otu, Professor Emeritus in the Department of Social Science and the Graduate Programme in Social and Political Thought at York University in Toronto, and author of Fanon\u2019s Dialectic of Experience (1996) and Left Universalism, Africacentric Essays (2019). The panel will be hosted by [&hellip;]<\/p>\n","protected":false},"author":1,"featured_media":12581,"comment_status":"open","ping_status":"closed","sticky":false,"template":"","format":"standard","meta":{"_acf_changed":false,"footnotes":""},"categories":[505,506,349],"tags":[508,509,467,510],"class_list":["post-13009","post","type-post","status-publish","format-standard","has-post-thumbnail","hentry","category-ato-sekyi-otu","category-book-launch","category-podcasts","tag-ato-sekyi-otu","tag-book-launch","tag-fanon","tag-partisan-universalism"],"acf":[],"wbAuthor":{"name":"Daraja Press","link":"https:\/\/darajapress.com\/staging\/author\/user001\/"},"wbCategories":{"space":"<a href=\"https:\/\/darajapress.com\/staging\/category\/ato-sekyi-otu\/\" rel=\"category tag\">Ato Sekyi-Otu<\/a> <a href=\"https:\/\/darajapress.com\/staging\/category\/book-launch\/\" rel=\"category tag\">Book launch<\/a> <a href=\"https:\/\/darajapress.com\/staging\/category\/podcasts\/\" rel=\"category tag\">PODCASTS<\/a>","coma":"<a href=\"https:\/\/darajapress.com\/staging\/category\/ato-sekyi-otu\/\" rel=\"category tag\">Ato Sekyi-Otu<\/a>, <a href=\"https:\/\/darajapress.com\/staging\/category\/book-launch\/\" rel=\"category tag\">Book launch<\/a>, <a href=\"https:\/\/darajapress.com\/staging\/category\/podcasts\/\" rel=\"category tag\">PODCASTS<\/a>"},"wbComment":0,"wbReadTime":{"min":7,"sec":7},"_links":{"self":[{"href":"https:\/\/darajapress.com\/staging\/wp-json\/wp\/v2\/posts\/13009","targetHints":{"allow":["GET"]}}],"collection":[{"href":"https:\/\/darajapress.com\/staging\/wp-json\/wp\/v2\/posts"}],"about":[{"href":"https:\/\/darajapress.com\/staging\/wp-json\/wp\/v2\/types\/post"}],"author":[{"embeddable":true,"href":"https:\/\/darajapress.com\/staging\/wp-json\/wp\/v2\/users\/1"}],"replies":[{"embeddable":true,"href":"https:\/\/darajapress.com\/staging\/wp-json\/wp\/v2\/comments?post=13009"}],"version-history":[{"count":0,"href":"https:\/\/darajapress.com\/staging\/wp-json\/wp\/v2\/posts\/13009\/revisions"}],"wp:featuredmedia":[{"embeddable":true,"href":"https:\/\/darajapress.com\/staging\/wp-json\/wp\/v2\/media\/12581"}],"wp:attachment":[{"href":"https:\/\/darajapress.com\/staging\/wp-json\/wp\/v2\/media?parent=13009"}],"wp:term":[{"taxonomy":"category","embeddable":true,"href":"https:\/\/darajapress.com\/staging\/wp-json\/wp\/v2\/categories?post=13009"},{"taxonomy":"post_tag","embeddable":true,"href":"https:\/\/darajapress.com\/staging\/wp-json\/wp\/v2\/tags?post=13009"}],"curies":[{"name":"wp","href":"https:\/\/api.w.org\/{rel}","templated":true}]}}